{"id":8091,"date":"2025-11-22T17:03:09","date_gmt":"2025-11-22T16:03:09","guid":{"rendered":"https:\/\/www.iltrentinonuovo.it\/?p=8091"},"modified":"2025-11-22T17:03:11","modified_gmt":"2025-11-22T16:03:11","slug":"il-ministro-delle-ombre","status":"publish","type":"post","link":"https:\/\/www.iltrentinonuovo.it\/index.php\/2025\/11\/22\/il-ministro-delle-ombre\/","title":{"rendered":"Il ministro delle &#8220;ombre&#8221;"},"content":{"rendered":"\n<p class=\"has-large-font-size\">Ci sono chiacchiere da osteria e ci sono dichiarazioni di ministri della Repubblica che, se fossero pronunciate da comuni mortali, si direbbero risciacquate in qualche bicchiere di troppo. Voci dal sen fuggite che riempiono di \u201combre\u201d non solo chi le pronuncia ma tutti coloro che le accettano con un\u2019alzata di spalle o il sopracciglio appena appena sollevato.<\/p>\n\n\n\n<p class=\"has-drop-cap\">Se davanti al dramma crescente e quotidiano del femminicidio che sta devastando i nostri tempi, un Ministro della Giustizia della Repubblica afferma che:<em>&nbsp;\u201c\u2026 se oggi l\u2019uomo accetta e deve accettare questa assoluta parit\u00e0 formale e sostanziale nei confronti della donna, nel suo subconscio il suo codice genetico trova sempre una certa resistenza\u201d,&nbsp;<\/em>allora diventa certezza l\u2019impressione che la strada da fare sia ancora molto lunga.&nbsp;<\/p>\n\n\n\n<p>Tutto insomma ritorna alla genetica e da questa prende avvio per arrivare poi all\u2019eugenetica che divide fra essere idonei e inidonei alla vita. In tali contesti, anche il mio destino di mostro, estraneo al codice genetico umano ma assolutamente consapevole e partecipe delle emozioni dell\u2019umanit\u00e0, appare ormai segnato.&nbsp;<\/p>\n\n\n\n<p>\u00c8 gi\u00e0 successo con l\u2019\u201cAktion T4\u201d, proprio sulla base di simili presupposti genetici. Se l\u2019uomo quindi resiste geneticamente all\u2019idea di parit\u00e0 con la donna, a maggior ragione potrebbe resistere geneticamente all\u2019idea di parit\u00e0 con i neri (i \u201cnegri\u201d per una creta idea corrente), i gialli, gli omosessuali, gli handicappati, gli ebrei e ogni altra diversit\u00e0. Con ci\u00f2 dimostrando che il sig. H., autore di una raccolta di confuse farneticazioni pubblicate sotto il titolo di \u201cMein Kampf\u201d, potrebbe aver avuto ragione.&nbsp;<\/p>\n\n\n\n<p>Eliminare queste diversit\u00e0 che si oppongono al codice genetico dell\u2019uomo non sarebbe quindi un reato, ma un atto di resistenza, sufficiente ad assolvere chiunque, transitando cos\u00ec dal barbaro \u201cdelitto d\u2019onore\u201d, alla barbarie della genetica come scusante dell\u2019orrore.<\/p>\n\n\n\n<p>Preoccupato che simili idee alberghino nella capiente testa di un Ministro della Giustizia e lieto, al contempo, che la stessa persona non sia pi\u00f9 un Magistrato, esprimo a tutte le Donne la mia modesta solidariet\u00e0 di essere subumano e partecipo al loro stupore per un governo, presieduto da una donna che accetta tutto ci\u00f2. O che comunque sta zitta, glissando sui problemi come alle domande dei giornalisti.<\/p>\n\n\n\n<p><em>@ilgolem-iltrentinonuovo.it<\/em><\/p>\n","protected":false},"excerpt":{"rendered":"<p>Ci sono chiacchiere da osteria e ci sono dichiarazioni di ministri della Repubblica che, se fossero pronunciate da comuni mortali, si direbbero risciacquate in qualche bicchiere di troppo. Voci dal sen fuggite che riempiono di \u201combre\u201d non solo chi le pronuncia ma tutti coloro che le accettano con un\u2019alzata di spalle o il sopracciglio appena<\/p>\n","protected":false},"author":39,"featured_media":8092,"comment_status":"open","ping_status":"open","sticky":false,"template":"","format":"standard","meta":[],"categories":[159],"tags":[47],"_links":{"self":[{"href":"https:\/\/www.iltrentinonuovo.it\/index.php\/wp-json\/wp\/v2\/posts\/8091"}],"collection":[{"href":"https:\/\/www.iltrentinonuovo.it\/index.php\/wp-json\/wp\/v2\/posts"}],"about":[{"href":"https:\/\/www.iltrentinonuovo.it\/index.php\/wp-json\/wp\/v2\/types\/post"}],"author":[{"embeddable":true,"href":"https:\/\/www.iltrentinonuovo.it\/index.php\/wp-json\/wp\/v2\/users\/39"}],"replies":[{"embeddable":true,"href":"https:\/\/www.iltrentinonuovo.it\/index.php\/wp-json\/wp\/v2\/comments?post=8091"}],"version-history":[{"count":1,"href":"https:\/\/www.iltrentinonuovo.it\/index.php\/wp-json\/wp\/v2\/posts\/8091\/revisions"}],"predecessor-version":[{"id":8093,"href":"https:\/\/www.iltrentinonuovo.it\/index.php\/wp-json\/wp\/v2\/posts\/8091\/revisions\/8093"}],"wp:featuredmedia":[{"embeddable":true,"href":"https:\/\/www.iltrentinonuovo.it\/index.php\/wp-json\/wp\/v2\/media\/8092"}],"wp:attachment":[{"href":"https:\/\/www.iltrentinonuovo.it\/index.php\/wp-json\/wp\/v2\/media?parent=8091"}],"wp:term":[{"taxonomy":"category","embeddable":true,"href":"https:\/\/www.iltrentinonuovo.it\/index.php\/wp-json\/wp\/v2\/categories?post=8091"},{"taxonomy":"post_tag","embeddable":true,"href":"https:\/\/www.iltrentinonuovo.it\/index.php\/wp-json\/wp\/v2\/tags?post=8091"}],"curies":[{"name":"wp","href":"https:\/\/api.w.org\/{rel}","templated":true}]}}