{"id":7423,"date":"2024-08-04T14:28:47","date_gmt":"2024-08-04T12:28:47","guid":{"rendered":"https:\/\/www.iltrentinonuovo.it\/?p=7423"},"modified":"2024-08-04T16:22:43","modified_gmt":"2024-08-04T14:22:43","slug":"ancoi-son-propri-emoziona","status":"publish","type":"post","link":"https:\/\/www.iltrentinonuovo.it\/index.php\/2024\/08\/04\/ancoi-son-propri-emoziona\/","title":{"rendered":"Ancoi son propri emozion\u00e0"},"content":{"rendered":"\n<p class=\"has-large-font-size\">Domenica di emozioni per il Potachino da Cadine che, per passarsi l\u2019oca, ha letto anche i giornali che ieri non aveva letto poich\u00e8  chiamato da pi\u00f9 impellenti impegni in Val di Fassa alla ricerca di un Lama andino alle prese con una famigliola tirolese (come se in Tirolo o in Sudtirolo\/Alto Adige non avessero paesaggi, vette e Lama con cui emozionarsi).<\/p>\n\n\n\n<p class=\"has-drop-cap\">Domando scusa se de domenega ve \u2018ntrigo con \u2018na domanda: cossa ghe far\u00e0la \u2018na publicit\u00e0 dela val de Fassa su \u2018n giornal de Trent? El struck de doi fotografie en de \u2018na pagina sola l\u2019\u00e8: \u201cVal di Fassa: emozioni d\u2019alta quota\u201d.<\/p>\n\n\n\n<p>E gi\u00e0 l\u00ec ho scominzi\u00e0 a emozionarme. Parch\u00e9 no capita tuti i d\u00ec de veder en Lama delle Ande en val de Fassa e credo che capita ancor de men veder \u2018na familia con tre boc\u00e9ti vestidi da tirolesi: braghe de coram, camisota a quadri, tuti ciap\u00e0di a vardar el Lama che so pap\u00e0 el ten par la caveza.\u00a0<\/p>\n\n\n\n<p>Forsi parch\u00e9 en Tirolo (o en Alto Adige che i lo ciama Sudtirolo) Lami no ghe n\u2019\u00e8. El Messner l&#8217;aveva portata chi dal Tibet i Yak che i gh\u00e0 i corni ma l&#8217;\u00e8 n&#8217;altra razza i me fa presente quei da Roma. Comunque, che afari ghai i Lama col Buffaure dela val de Fassa?<\/p>\n\n\n\n<figure class=\"wp-block-image size-large\"><img src=\"https:\/\/www.iltrentinonuovo.it\/wp-content\/uploads\/2024\/08\/Fassa-emozioni-2-1024x733.jpeg\" alt=\"\" class=\"wp-image-7428\"\/><\/figure>\n\n\n\n<p>Mist\u00e8ri e mist\u00e9ri de propaganda, i dis. E po\u2019, l\u2019altra fotografia con mama e fiola (se l\u2019\u00e8 mama e fiola) che tira \u2018na bala contro i zoni su en campo da boce con drio \u2018na zima. Deve esser \u2018n emozion da matti.<\/p>\n\n\n\n<p>Adess che ve seo tuti emozionadi anca voi, gh\u00e8lo en senso a far publicit\u00e0 ala val de Fassa su &#8216;n  giornal trentin? Capisso i giornai de Milan, Torino, Roma che i li leze zent che magari poder\u00eca vegnir en val de Fassa a emozionarse col Lama o coi zoni (che en talian se ciama: birilli). E son sicur che l\u2019altro slogan: \u201cRespira sei in Trentino\u201d el li faga star mejo. Pu brut sar\u00eca sta dirghe: <strong>\u201cTegni el fi\u00e0, te sei en Trentin, che te digo &#8216;na rob\u00e9ta: chi gh\u00e8 i orsi che te sp\u00e8ta\u201d<\/strong>. Sicome no ghe n\u2019\u00e8 ass\u00e0 de quei veri, ale sagre de paes (sabo de sera a Grauno, per dir) gh\u00e8 sempre en scultor che el lo cava for da \u2018n z\u00f2c. Tant per dirghe a chi che zerca Yoghi e Bubu che, spet\u00e0ndo de empazarse con quel vero, i p\u00f2l torsen en casa uno de legn.<\/p>\n\n\n\n<figure class=\"wp-block-image size-large\"><img loading=\"lazy\" width=\"792\" height=\"1024\" src=\"https:\/\/www.iltrentinonuovo.it\/wp-content\/uploads\/2024\/08\/orsi-e-ceste-per-turisti-792x1024.jpeg\" alt=\"\" class=\"wp-image-7426\" srcset=\"https:\/\/www.iltrentinonuovo.it\/wp-content\/uploads\/2024\/08\/orsi-e-ceste-per-turisti-792x1024.jpeg 792w, https:\/\/www.iltrentinonuovo.it\/wp-content\/uploads\/2024\/08\/orsi-e-ceste-per-turisti-232x300.jpeg 232w, https:\/\/www.iltrentinonuovo.it\/wp-content\/uploads\/2024\/08\/orsi-e-ceste-per-turisti-768x993.jpeg 768w, https:\/\/www.iltrentinonuovo.it\/wp-content\/uploads\/2024\/08\/orsi-e-ceste-per-turisti-1187x1536.jpeg 1187w, https:\/\/www.iltrentinonuovo.it\/wp-content\/uploads\/2024\/08\/orsi-e-ceste-per-turisti-1583x2048.jpeg 1583w, https:\/\/www.iltrentinonuovo.it\/wp-content\/uploads\/2024\/08\/orsi-e-ceste-per-turisti-150x194.jpeg 150w, https:\/\/www.iltrentinonuovo.it\/wp-content\/uploads\/2024\/08\/orsi-e-ceste-per-turisti-450x582.jpeg 450w, https:\/\/www.iltrentinonuovo.it\/wp-content\/uploads\/2024\/08\/orsi-e-ceste-per-turisti-1200x1552.jpeg 1200w, https:\/\/www.iltrentinonuovo.it\/wp-content\/uploads\/2024\/08\/orsi-e-ceste-per-turisti-scaled.jpeg 1979w\" sizes=\"(max-width: 792px) 100vw, 792px\" \/><figcaption> Artigiani all&#8217;opera la sera del 3 agosto alla manifestazione &#8220;En giro par Grauno&#8221;<\/figcaption><\/figure>\n\n\n\n<p>Torno a dir: gh\u00e8lo en senso ciamar i turisti en val de Fassa con la fotografia de \u2018na b\u00e8la familia de tre popi vestidi come i fussa de l\u00e0 dal Brennero? Mah, adess che ho \u2018mpiant\u00e0 la lama en del Lama, vago a pols\u00e0r. Che emozion.<\/p>\n","protected":false},"excerpt":{"rendered":"<p>Domenica di emozioni per il Potachino da Cadine che, per passarsi l\u2019oca, ha letto anche i giornali che ieri non aveva letto poich\u00e8 chiamato da pi\u00f9 impellenti impegni in Val di Fassa alla ricerca di un Lama andino alle prese con una famigliola tirolese (come se in Tirolo o in Sudtirolo\/Alto Adige non avessero paesaggi,<\/p>\n","protected":false},"author":5,"featured_media":7424,"comment_status":"open","ping_status":"open","sticky":false,"template":"","format":"standard","meta":[],"categories":[168],"tags":[47],"_links":{"self":[{"href":"https:\/\/www.iltrentinonuovo.it\/index.php\/wp-json\/wp\/v2\/posts\/7423"}],"collection":[{"href":"https:\/\/www.iltrentinonuovo.it\/index.php\/wp-json\/wp\/v2\/posts"}],"about":[{"href":"https:\/\/www.iltrentinonuovo.it\/index.php\/wp-json\/wp\/v2\/types\/post"}],"author":[{"embeddable":true,"href":"https:\/\/www.iltrentinonuovo.it\/index.php\/wp-json\/wp\/v2\/users\/5"}],"replies":[{"embeddable":true,"href":"https:\/\/www.iltrentinonuovo.it\/index.php\/wp-json\/wp\/v2\/comments?post=7423"}],"version-history":[{"count":5,"href":"https:\/\/www.iltrentinonuovo.it\/index.php\/wp-json\/wp\/v2\/posts\/7423\/revisions"}],"predecessor-version":[{"id":7435,"href":"https:\/\/www.iltrentinonuovo.it\/index.php\/wp-json\/wp\/v2\/posts\/7423\/revisions\/7435"}],"wp:featuredmedia":[{"embeddable":true,"href":"https:\/\/www.iltrentinonuovo.it\/index.php\/wp-json\/wp\/v2\/media\/7424"}],"wp:attachment":[{"href":"https:\/\/www.iltrentinonuovo.it\/index.php\/wp-json\/wp\/v2\/media?parent=7423"}],"wp:term":[{"taxonomy":"category","embeddable":true,"href":"https:\/\/www.iltrentinonuovo.it\/index.php\/wp-json\/wp\/v2\/categories?post=7423"},{"taxonomy":"post_tag","embeddable":true,"href":"https:\/\/www.iltrentinonuovo.it\/index.php\/wp-json\/wp\/v2\/tags?post=7423"}],"curies":[{"name":"wp","href":"https:\/\/api.w.org\/{rel}","templated":true}]}}