{"id":7285,"date":"2024-05-20T19:13:39","date_gmt":"2024-05-20T17:13:39","guid":{"rendered":"https:\/\/www.iltrentinonuovo.it\/?p=7285"},"modified":"2024-05-20T19:13:41","modified_gmt":"2024-05-20T17:13:41","slug":"menati-per-il-naso","status":"publish","type":"post","link":"https:\/\/www.iltrentinonuovo.it\/index.php\/2024\/05\/20\/menati-per-il-naso\/","title":{"rendered":"Menati per il naso"},"content":{"rendered":"\n<p class=\"has-large-font-size\">Tornano gli orsi dal letargo nel quale erano rinchiusi, chi dalla natura chi dalla legge. E subito la Provincia autonoma di Trento e il Parco che \u00e8 tutto fuorch\u00e9 parco di consigli, danno istruzioni per l\u2019uso. Della paura e dell\u2019orso. E il Golem, che \u00e8 attento alla cronaca ursina e giudiziaria non ha perso tempo. Del resto la campagna elettorale soccorre gli audaci.<\/p>\n\n\n\n<p class=\"has-drop-cap\">Sono fatto d\u2019argilla, come tutti sanno e, non possedendo il dono della parola, trascorro il tempo pensando. D\u2019altronde, non lo fa pi\u00f9 nessuno e allora ci provo io, che son meno di nessuno.<\/p>\n\n\n\n<p>Ho cos\u00ec fatto alcune scoperte straordinarie. Ad esempio, ho compreso come l\u2019orso sia, in realt\u00e0, il primo e pi\u00f9 ascoltato consigliere del Presidente Fugatti. Non ci sono leghisti, n\u00e9 sovranisti, n\u00e9 culturisti (che qualcuno dell\u2019entourage ritiene essere turisti di cultura) che tengano. L\u2019orso \u00e8 il vero regista occulto. D\u2019altronde non si spiegherebbe, ad esempio, la straordinaria efficacia comunicativa che dimostrano le indicazioni elargite, con generosa competenza in questi giorni, rispettivamente dalla Provincia e dalla direzione del Parco Nazionale Adamello\u2013Brenta, per i casi di eventuale incontro con un orso aggressivo. E qui, insieme alle budella, il pensiero si contorce su s\u00e9 stesso.<\/p>\n\n\n\n<p>Infatti, mentre la Provincia \u2013 che come Giove tutto sa, tutto vede e (non sempre) risolve \u2013 consiglia vivamente di non avere alcuna reazione violenta, il Parco \u2013 che dovrebbe sapere, vedere e controllare e invece impasta i canederli &#8211; in perfetta coerenza suggerisce di reagire \u201curlando e cercando di colpire l\u2019orso sul muso, con preferenza agli occhi e al \u201ctartufo\u201d, cio\u00e8 la parte terminale del naso\u201d.<\/p>\n\n\n\n<p>Un raro esempio di raccordo e di condivisione convinta e convincente.<\/p>\n\n\n\n<p>Un meccanismo perfetto che l\u2019orso padroneggia sapientemente quando, di notte, lo si vede aggirarsi per i corridoi del \u201cPalazzo\u201d ingiungendo alle guardie notturne: \u201cVal\u00e0, v\u00e8i ch\u00ec!\u201d, spingendo i poveretti a girare nella stessa confusione della sanit\u00e0 trentina.\u00a0<\/p>\n\n\n\n<p>\u00a0In quel caos, furtivo il plantigrado si siede nell\u2019ufficio di Fugatti e telefona \u2026 alla sua mamma, che \u00e8 reclusa all\u2019estero e non la vede da venticinque anni. Si finge la Meloni e ordina che gliela riportino al Casteller con un volo di Stato. In prigione, ma vicino a casa. Detto, fatto. Per il conto, ci pensa il Consiglio dei Ministri.<\/p>\n","protected":false},"excerpt":{"rendered":"<p>Tornano gli orsi dal letargo nel quale erano rinchiusi, chi dalla natura chi dalla legge. E subito la Provincia autonoma di Trento e il Parco che \u00e8 tutto fuorch\u00e9 parco di consigli, danno istruzioni per l\u2019uso. Della paura e dell\u2019orso. E il Golem, che \u00e8 attento alla cronaca ursina e giudiziaria non ha perso tempo.<\/p>\n","protected":false},"author":39,"featured_media":7286,"comment_status":"open","ping_status":"open","sticky":false,"template":"","format":"standard","meta":[],"categories":[159],"tags":[47],"_links":{"self":[{"href":"https:\/\/www.iltrentinonuovo.it\/index.php\/wp-json\/wp\/v2\/posts\/7285"}],"collection":[{"href":"https:\/\/www.iltrentinonuovo.it\/index.php\/wp-json\/wp\/v2\/posts"}],"about":[{"href":"https:\/\/www.iltrentinonuovo.it\/index.php\/wp-json\/wp\/v2\/types\/post"}],"author":[{"embeddable":true,"href":"https:\/\/www.iltrentinonuovo.it\/index.php\/wp-json\/wp\/v2\/users\/39"}],"replies":[{"embeddable":true,"href":"https:\/\/www.iltrentinonuovo.it\/index.php\/wp-json\/wp\/v2\/comments?post=7285"}],"version-history":[{"count":1,"href":"https:\/\/www.iltrentinonuovo.it\/index.php\/wp-json\/wp\/v2\/posts\/7285\/revisions"}],"predecessor-version":[{"id":7287,"href":"https:\/\/www.iltrentinonuovo.it\/index.php\/wp-json\/wp\/v2\/posts\/7285\/revisions\/7287"}],"wp:featuredmedia":[{"embeddable":true,"href":"https:\/\/www.iltrentinonuovo.it\/index.php\/wp-json\/wp\/v2\/media\/7286"}],"wp:attachment":[{"href":"https:\/\/www.iltrentinonuovo.it\/index.php\/wp-json\/wp\/v2\/media?parent=7285"}],"wp:term":[{"taxonomy":"category","embeddable":true,"href":"https:\/\/www.iltrentinonuovo.it\/index.php\/wp-json\/wp\/v2\/categories?post=7285"},{"taxonomy":"post_tag","embeddable":true,"href":"https:\/\/www.iltrentinonuovo.it\/index.php\/wp-json\/wp\/v2\/tags?post=7285"}],"curies":[{"name":"wp","href":"https:\/\/api.w.org\/{rel}","templated":true}]}}