{"id":6378,"date":"2023-05-02T22:05:37","date_gmt":"2023-05-02T20:05:37","guid":{"rendered":"https:\/\/www.iltrentinonuovo.it\/?p=6378"},"modified":"2023-05-03T11:24:17","modified_gmt":"2023-05-03T09:24:17","slug":"orsola-sguardi-convergenti","status":"publish","type":"post","link":"https:\/\/www.iltrentinonuovo.it\/index.php\/2023\/05\/02\/orsola-sguardi-convergenti\/","title":{"rendered":"Orsola: sguardi convergenti"},"content":{"rendered":"\n<p class=\"has-large-font-size\"><strong>Lettera da Spormaggiore.&nbsp;<\/strong>\u00c8 arrivata in redazione una lunga lettera. L\u2019interlocutrice, che non conosciamo e che non si firma, espone il proprio punto di vista sull\u2019argomento che da un mese (e lo sar\u00e0 anche nei mesi a venire) tiene le prime pagine dei giornali e occupa mille frammenti del web. \u00c8 un punto di vista originale, ricco di spunti ed avvolto in quella cultura della tolleranza che gli sguaiati paladini degli animali hanno perduto. Se mai l\u2019hanno avuta.&nbsp;<\/p>\n\n\n\n<p class=\"has-drop-cap\">&#8220;Vivo con la mia famiglia nella localit\u00e0 di Spormaggiore, tradizionalmente considerata il paradiso degli orsi. Per la prima volta ho pensato di scrivere ad un giornale, contraddicendo il mio carattere riservato. Ma la situazione attuale, con i tragici avvenimenti e le decisioni politiche in arrivo, mi spingono a tentare di esporre il mio punto di vista, parlando anche a nome di tanti miei amici e conoscenti che vivono, per cos\u00ec dire, nel mio stesso meraviglioso demanio delle Dolomiti di Brenta. Confesso che avendo io purtroppo una grave forma di disgrafia, non diagnosticata a suo tempo, ho dovuto chiedere ad un mio compaesano, che ringrazio, di aiutarmi a mettere su carta il mio pensiero.<\/p>\n\n\n\n<p>Nella mia famiglia \u00e8 tradizione considerare il bosco la casa degli animali. Siamo animalisti, infatti. E non da oggi. Per noi il bosco \u00e8 di&nbsp;<em>tutti<\/em>&nbsp;gli animali. Dell\u2019orso in primo luogo ovviamente, ma anche di tutti gli altri. Persino di quei terribili lupi appena arrivati, dei quali da secoli ormai non vi era pi\u00f9 traccia. Il rispetto per ogni specie che \u00e8 \u2018altra\u2019 o \u2018diversa\u2019 da noi \u00e8, e deve rimanere, sacro. Ma, detto ci\u00f2, dobbiamo ragionare.<\/p>\n\n\n\n<p>Ovviamente io ritengo che pure l\u2019uomo abbia il sacrosanto diritto di frequentare e abitare i boschi in sicurezza. Quando sento in giro certi sedicenti animalisti alzare un po&#8217; sgangheratamente la voce, per arrivare quasi a dire che l\u2019uomo dovrebbe ritirarsi dal bosco, che dovrebbe in linea di principio \u2018azzerare\u2019 le proprie attivit\u00e0 di lavoro o di svago nella Natura per non disturbare \u2018quei poveri animali\u2019, mi chiedo dove siamo andati a finire. Per tanti motivi non posso mettermi a discutere con loro. Ma io la penso cos\u00ec: non \u00e8 serio che gli uomini svalutino i loro stessi diritti in quanto uomini!&nbsp;<\/p>\n\n\n\n<p>Quando c\u2019\u00e8 un conflitto tra due specie (come gli orsi e gli uomini, in questo caso) \u00e8 necessario, io dico, che entrambe le specie accettino di comprimere i propri interessi o le proprie libert\u00e0, per consentire a ciascuna di abitare il loro bosco rispettosamente. Questo principio, autenticamente \u2018animalista\u2019, io non l\u2019ho imparato su qualche libro di Scuola o non l\u2019ho leggiucchiato sui social. L\u2019ho imparato direttamente da mia madre, che me l\u2019ha insegnato con grande coerenza e dignit\u00e0. E io ora lo insegno con altrettanta convinzione ai miei figli.&nbsp;<\/p>\n\n\n\n<p>Sento spesso tanti miei conoscenti, quando li incontro, borbottarmi istintivamente, con arroganza, le seguenti bestialit\u00e0: \u201cQuesti boschi sono nostri, da millenni \u2026\u201d oppure: \u201cDio ce li ha dati, e guai a chi ce li tocca \u2026\u201d. Mamma mia! Imponendomi calma e pazienza, io obbietto loro che tutti gli animali hanno diritto ad uno spazio sicuro. Tutti ne hanno diritto. Compreso l\u2019uomo dunque!&nbsp;<\/p>\n\n\n\n<p>Non \u00e8 possibile che un uomo vada in un bosco e rischi di entrare in collisione con qualche orso impazzito, addirittura subendo aggressioni o finendo sbranato! Lo dico a malincuore: un orso aggressivo contraddice un certo ordine \u201ccivile\u201d della Natura, ormai faticosamente conquistato, e non pu\u00f2 essere lasciato fare. Mia madre di questo era ultra convinta. Ci spiegava che il vero orso non ha l\u2019indole di un carnivoro. Vegetariano al 90 per cento. Un orso che non fa l\u2019orso \u2013 mi diceva \u2013 mette in pericolo prima di tutto gli orsi stessi!<\/p>\n\n\n\n<p>Lei poi subito evidenzierebbe tuttavia pure il lato opposto della medaglia. Quando un orso si sta comportando correttamente (cio\u00e8 \u2018scontrosamente\u2019), quando se ne sta nella propria nicchia, nei suoi areali, va lasciato in pace. Non \u00e8 giusto \u2013 diceva la mamma\u2013 che all\u2019improvviso si trovi di fronte qualche bracconiere che \u00e8 andato a stanarlo con il fucile. Nei nostri territori \u00e8 gi\u00e0 successo tante volte, purtroppo. E forse anche in questi giorni.&nbsp;<\/p>\n\n\n\n<p>Chiedo pertanto gentilmente, se mi posso permettere, un grosso favore all\u2019autorit\u00e0 politica locale e, se di competenza, a quella statale. Lo esprimo, ripeto, non a titolo personale ma a nome di tutti coloro che abitano nel Parco Adamello Brenta. I forestali che gestiscono i boschi, e i tecnici che seguono i benemeriti programmi di ripopolamento delle specie a rischio, siano finalmente messi in condizione di fare il loro lavoro al meglio! Siano concesse loro pi\u00f9 risorse e pi\u00f9 sostegno, per essere investiti nell\u2019educazione ecologica. Cos\u00ec che essi possano \u201cinsegnare\u201d a tutti gli interessati (ai residenti e ai turisti, e anche, fin dove possibile, agli stessi animali) le regole elementari della convivenza tra specie, cos\u00ec che gli orsi siano pi\u00f9 ursini e gli uomini siano pi\u00f9 umani. Cos\u00ec che, in generale, ogni animale voluto dal buon Dio possa essere s\u00e9 stesso, ma in equilibrio con tutti gli altri.<\/p>\n\n\n\n<p>PS: Dimenticavo. Mi scuso se per ragioni di riservatezza non posso firmarmi. Oltretutto, ho per nome una imbarazzante sigla alfanumerica. Sono una giovane orsa di dieci anni, che spera in un mondo migliore&#8221;.&nbsp;<\/p>\n","protected":false},"excerpt":{"rendered":"<p>Lettera da Spormaggiore.&nbsp;\u00c8 arrivata in redazione una lunga lettera. L\u2019interlocutrice, che non conosciamo e che non si firma, espone il proprio punto di vista sull\u2019argomento che da un mese (e lo sar\u00e0 anche nei mesi a venire) tiene le prime pagine dei giornali e occupa mille frammenti del web. \u00c8 un punto di vista originale,<\/p>\n","protected":false},"author":5,"featured_media":6379,"comment_status":"open","ping_status":"open","sticky":false,"template":"","format":"standard","meta":[],"categories":[115],"tags":[47],"_links":{"self":[{"href":"https:\/\/www.iltrentinonuovo.it\/index.php\/wp-json\/wp\/v2\/posts\/6378"}],"collection":[{"href":"https:\/\/www.iltrentinonuovo.it\/index.php\/wp-json\/wp\/v2\/posts"}],"about":[{"href":"https:\/\/www.iltrentinonuovo.it\/index.php\/wp-json\/wp\/v2\/types\/post"}],"author":[{"embeddable":true,"href":"https:\/\/www.iltrentinonuovo.it\/index.php\/wp-json\/wp\/v2\/users\/5"}],"replies":[{"embeddable":true,"href":"https:\/\/www.iltrentinonuovo.it\/index.php\/wp-json\/wp\/v2\/comments?post=6378"}],"version-history":[{"count":2,"href":"https:\/\/www.iltrentinonuovo.it\/index.php\/wp-json\/wp\/v2\/posts\/6378\/revisions"}],"predecessor-version":[{"id":6383,"href":"https:\/\/www.iltrentinonuovo.it\/index.php\/wp-json\/wp\/v2\/posts\/6378\/revisions\/6383"}],"wp:featuredmedia":[{"embeddable":true,"href":"https:\/\/www.iltrentinonuovo.it\/index.php\/wp-json\/wp\/v2\/media\/6379"}],"wp:attachment":[{"href":"https:\/\/www.iltrentinonuovo.it\/index.php\/wp-json\/wp\/v2\/media?parent=6378"}],"wp:term":[{"taxonomy":"category","embeddable":true,"href":"https:\/\/www.iltrentinonuovo.it\/index.php\/wp-json\/wp\/v2\/categories?post=6378"},{"taxonomy":"post_tag","embeddable":true,"href":"https:\/\/www.iltrentinonuovo.it\/index.php\/wp-json\/wp\/v2\/tags?post=6378"}],"curies":[{"name":"wp","href":"https:\/\/api.w.org\/{rel}","templated":true}]}}