{"id":6019,"date":"2023-01-18T17:04:08","date_gmt":"2023-01-18T16:04:08","guid":{"rendered":"https:\/\/www.iltrentinonuovo.it\/?p=6019"},"modified":"2023-01-21T10:33:51","modified_gmt":"2023-01-21T09:33:51","slug":"il-tetto-e-la-tetta-del-teta","status":"publish","type":"post","link":"https:\/\/www.iltrentinonuovo.it\/index.php\/2023\/01\/18\/il-tetto-e-la-tetta-del-teta\/","title":{"rendered":"Il tetto e la tetta (del t\u00e9ta)"},"content":{"rendered":"\n<p class=\"has-large-font-size\">Dopo aver promesso le Olimpiadi, un frammento in verit\u00e0, qualche gara di pattinaggio velocit\u00e0 su ghiaccio, le aquile di piazza Dante, i soloni del Coni e tutta la compagnia di giro della presa in giro hanno fatto una scoperta da far impallidire i Nobel pi\u00f9 blasonati: manca il tetto, cio\u00e8 la copertura, alla pista di pattinaggio velocit\u00e0 su ghiaccio di Miola di Pin\u00e9. Il G\u00f2lem, che non possiede intelligenza, lo sapeva da sempre.<\/p>\n\n\n\n<figure class=\"wp-block-gallery columns-2 is-cropped\"><ul class=\"blocks-gallery-grid\"><li class=\"blocks-gallery-item\"><figure><img loading=\"lazy\" width=\"1024\" height=\"588\" src=\"https:\/\/www.iltrentinonuovo.it\/wp-content\/uploads\/2023\/01\/IMG_0626-1024x588.jpg\" alt=\"\" data-id=\"6021\" data-link=\"https:\/\/www.iltrentinonuovo.it\/?attachment_id=6021\" class=\"wp-image-6021\" srcset=\"https:\/\/www.iltrentinonuovo.it\/wp-content\/uploads\/2023\/01\/IMG_0626-1024x588.jpg 1024w, https:\/\/www.iltrentinonuovo.it\/wp-content\/uploads\/2023\/01\/IMG_0626-300x172.jpg 300w, https:\/\/www.iltrentinonuovo.it\/wp-content\/uploads\/2023\/01\/IMG_0626-768x441.jpg 768w, https:\/\/www.iltrentinonuovo.it\/wp-content\/uploads\/2023\/01\/IMG_0626-150x86.jpg 150w, https:\/\/www.iltrentinonuovo.it\/wp-content\/uploads\/2023\/01\/IMG_0626-450x258.jpg 450w, https:\/\/www.iltrentinonuovo.it\/wp-content\/uploads\/2023\/01\/IMG_0626.jpg 1108w\" sizes=\"(max-width: 1024px) 100vw, 1024px\" \/><\/figure><\/li><li class=\"blocks-gallery-item\"><figure><img loading=\"lazy\" width=\"1024\" height=\"579\" src=\"https:\/\/www.iltrentinonuovo.it\/wp-content\/uploads\/2023\/01\/IMG_0623-1024x579.jpg\" alt=\"\" data-id=\"6022\" data-full-url=\"https:\/\/www.iltrentinonuovo.it\/wp-content\/uploads\/2023\/01\/IMG_0623.jpg\" data-link=\"https:\/\/www.iltrentinonuovo.it\/?attachment_id=6022\" class=\"wp-image-6022\" srcset=\"https:\/\/www.iltrentinonuovo.it\/wp-content\/uploads\/2023\/01\/IMG_0623-1024x579.jpg 1024w, https:\/\/www.iltrentinonuovo.it\/wp-content\/uploads\/2023\/01\/IMG_0623-300x170.jpg 300w, https:\/\/www.iltrentinonuovo.it\/wp-content\/uploads\/2023\/01\/IMG_0623-768x434.jpg 768w, https:\/\/www.iltrentinonuovo.it\/wp-content\/uploads\/2023\/01\/IMG_0623-150x85.jpg 150w, https:\/\/www.iltrentinonuovo.it\/wp-content\/uploads\/2023\/01\/IMG_0623-450x255.jpg 450w, https:\/\/www.iltrentinonuovo.it\/wp-content\/uploads\/2023\/01\/IMG_0623.jpg 1121w\" sizes=\"(max-width: 1024px) 100vw, 1024px\" \/><\/figure><\/li><\/ul><figcaption class=\"blocks-gallery-caption\">lo stadio del ghiaccio di Miola di Pin\u00e9 in due fermi-immagine del telegiornale RAI di Trento<\/figcaption><\/figure>\n\n\n\n<p class=\"has-drop-cap\">\u201cCitius, altius, fortius \u2013 communiter\u201d (pi\u00f9 veloce, pi\u00f9 alto, pi\u00f9 forte \u2013 insieme). Ci eravamo addormentati con il motto olimpico in testa e negli occhi il prossimo evento sportivo mondiale a Baselga di Pin\u00e8. Doveva essere l\u2019appuntamento con la ripresa ed il riscatto, anche perch\u00e9 gi\u00e0 il solo cognome del Presidente del CONI era d\u2019auspicio: Ma-la-g\u00f2 (de sicur, la gara).<\/p>\n\n\n\n<p>Presidenti, Assessori, Sindaci, badanti, ambulanti e urlanti avevano assicurato che non c\u2019era alcun problema: <em>Pin\u00e8 in the World <\/em>e via con il rilancio del turismo sull\u2019altipiano che gi\u00e0 prevedeva il raddoppio degli affitti per gli appartamenti estivi per i decenni prossimi a venire.<\/p>\n\n\n\n<p>Turisti a frotte da Miola alla Regnana per pattinare un\u2019intera settimana e su tutto lo scintillante sorriso dell\u2019assessore Failoni, che non ne sbaglia una. Certo, nel sogno s\u2019era sentito anche qualche brontolio: qualcuno che si interrogava sui costi; qualcuno che chiedeva chi e come. Ma al cospetto di tutta la comunit\u00e0 pinetana il Presidente della Provincia, l\u2019Assessore al Turismo e tutti i solerti funzionari del s\u00ec ad ogni costo, avevano assicurato che non esisteva alcun problema: \u201cPin\u00e9 forever\u201d, \u201cPin\u00e9 per sempre\u201d alla faccia dei soliti criticoni. Poi ci siamo risvegliati e il sogno \u00e8 diventato un incubo. Ci \u00e8 stato detto che a Pin\u00e8 d\u2019inverno (qualche volta) nevica, (sovente) piove, (talvolta) tira vento e che, pertanto, serve un tetto sotto il quale ripararsi, anche quando si pattina sul ghiaccio. Un tetto? E perch\u00e9 non l\u2019hanno pensato prima? E mica un tetto qualsiasi: una copertura che triplica il suo costo ogni giorno che passa. La \u201ctetta\u201d provinciale non d\u00e0 pi\u00f9 latte e \u201ct\u00e9ta\u201d, cio\u00e8 sprovveduto, chi ci credeva. Insomma, un brutto risveglio: niente Olimpiadi invernali, niente pattinaggio mondiale, niente di niente\u2026 Sfumati i cinque cerchi, forse ci resteranno due canederli.<\/p>\n\n\n\n<p>Per\u00f2 non disperate! Il Presidente del CONI viene apposta a Trento, per incontrare Sorriso Smagliante, quel simpaticone che d\u00e0 lustro al turismo e per assicurarci che, male che vada, Miola di Pin\u00e9 sar\u00e0 la sede degli allenamenti per il gioco della bandiera. E gi\u00e0 che ci siamo, pure del tiro con l\u2019arco, del tiro degli insulti e forse, se funzioneranno gli accordi con la Regione Veneto e lo Zambia, anche il campionato triveneto del tiro dello sputo. Ma &#8211; udite, udite &#8211; Pin\u00e9 sar\u00e0 la sede perenne del torneo di freccette dei dipendenti del CONI.<\/p>\n\n\n\n<p>Un affarone. Failoni continuer\u00e0 a (far) sorridere, Fugatti a fare promesse e annunci, il Sindaco dell\u2019altipiano a rivendicare un rimborso per tutti i suoi viaggi a Trento. Quel che \u00e8 certo, Pin\u00e9 entrer\u00e0 nella storia dello sport, come la sede ideale delle gare di presa per il C&#8230;I.O. Tanto, \u00e8 tutto un sogno.\u00a0<\/p>\n\n\n\n<p>\u00a0<strong>Il Golem<\/strong><\/p>\n","protected":false},"excerpt":{"rendered":"<p>Dopo aver promesso le Olimpiadi, un frammento in verit\u00e0, qualche gara di pattinaggio velocit\u00e0 su ghiaccio, le aquile di piazza Dante, i soloni del Coni e tutta la compagnia di giro della presa in giro hanno fatto una scoperta da far impallidire i Nobel pi\u00f9 blasonati: manca il tetto, cio\u00e8 la copertura, alla pista di<\/p>\n","protected":false},"author":5,"featured_media":6020,"comment_status":"open","ping_status":"open","sticky":false,"template":"","format":"standard","meta":[],"categories":[120],"tags":[],"_links":{"self":[{"href":"https:\/\/www.iltrentinonuovo.it\/index.php\/wp-json\/wp\/v2\/posts\/6019"}],"collection":[{"href":"https:\/\/www.iltrentinonuovo.it\/index.php\/wp-json\/wp\/v2\/posts"}],"about":[{"href":"https:\/\/www.iltrentinonuovo.it\/index.php\/wp-json\/wp\/v2\/types\/post"}],"author":[{"embeddable":true,"href":"https:\/\/www.iltrentinonuovo.it\/index.php\/wp-json\/wp\/v2\/users\/5"}],"replies":[{"embeddable":true,"href":"https:\/\/www.iltrentinonuovo.it\/index.php\/wp-json\/wp\/v2\/comments?post=6019"}],"version-history":[{"count":3,"href":"https:\/\/www.iltrentinonuovo.it\/index.php\/wp-json\/wp\/v2\/posts\/6019\/revisions"}],"predecessor-version":[{"id":6030,"href":"https:\/\/www.iltrentinonuovo.it\/index.php\/wp-json\/wp\/v2\/posts\/6019\/revisions\/6030"}],"wp:featuredmedia":[{"embeddable":true,"href":"https:\/\/www.iltrentinonuovo.it\/index.php\/wp-json\/wp\/v2\/media\/6020"}],"wp:attachment":[{"href":"https:\/\/www.iltrentinonuovo.it\/index.php\/wp-json\/wp\/v2\/media?parent=6019"}],"wp:term":[{"taxonomy":"category","embeddable":true,"href":"https:\/\/www.iltrentinonuovo.it\/index.php\/wp-json\/wp\/v2\/categories?post=6019"},{"taxonomy":"post_tag","embeddable":true,"href":"https:\/\/www.iltrentinonuovo.it\/index.php\/wp-json\/wp\/v2\/tags?post=6019"}],"curies":[{"name":"wp","href":"https:\/\/api.w.org\/{rel}","templated":true}]}}